{"id":50,"date":"2011-05-05T14:07:04","date_gmt":"2011-05-05T13:07:04","guid":{"rendered":"http:\/\/dettenbachtal.de\/baublog\/?p=50"},"modified":"2011-05-24T18:42:35","modified_gmt":"2011-05-24T17:42:35","slug":"5-mai-kommt-heute-der-beton","status":"publish","type":"post","link":"https:\/\/dettenbachtal.de\/baublog\/?p=50","title":{"rendered":"5. Mai: Kommt heute der Beton?"},"content":{"rendered":"<p>Kommt er &#8211; oder auch nicht &#8211; der erste Beton? Nein, noch ist es nicht so weit. Der Sand wurde gleichm\u00e4\u00dfig verteilt.<\/p>\n<p><img loading=\"lazy\" decoding=\"async\" class=\"alignleft size-medium wp-image-54\" title=\"2011_0505_183024\" src=\"http:\/\/dettenbachtal.de\/baublog\/wp-content\/uploads\/2011\/05\/2011_0505_183024-300x225.jpg\" alt=\"\" width=\"300\" height=\"225\" srcset=\"https:\/\/dettenbachtal.de\/baublog\/wp-content\/uploads\/2011\/05\/2011_0505_183024-300x225.jpg 300w, https:\/\/dettenbachtal.de\/baublog\/wp-content\/uploads\/2011\/05\/2011_0505_183024.jpg 800w\" sizes=\"auto, (max-width: 300px) 100vw, 300px\" \/><\/p>\n<p>Die Baugrube sieht gr\u00f6\u00dfer aus, als der Keller sp\u00e4ter sein wird. \u00a0An den W\u00e4nden sind kleine Wasser-Inseln zu sehen. Der Boden ist sandig bis lehmig und etwas feucht. Aber es sammelt sich kein Grundwasser am Boden.<\/p>\n<p><img loading=\"lazy\" decoding=\"async\" class=\"alignright size-medium wp-image-53\" title=\"2011_0505_182748\" src=\"http:\/\/dettenbachtal.de\/baublog\/wp-content\/uploads\/2011\/05\/2011_0505_182748-300x225.jpg\" alt=\"\" width=\"300\" height=\"225\" srcset=\"https:\/\/dettenbachtal.de\/baublog\/wp-content\/uploads\/2011\/05\/2011_0505_182748-300x225.jpg 300w, https:\/\/dettenbachtal.de\/baublog\/wp-content\/uploads\/2011\/05\/2011_0505_182748.jpg 800w\" sizes=\"auto, (max-width: 300px) 100vw, 300px\" \/><\/p>\n<p>Sch\u00f6n, dass es gerade so trocken ist!<\/p>\n","protected":false},"excerpt":{"rendered":"<p>Kommt er &#8211; oder auch nicht &#8211; der erste Beton? Nein, noch ist es nicht so weit. Der Sand wurde gleichm\u00e4\u00dfig verteilt. Die Baugrube sieht gr\u00f6\u00dfer aus, als der Keller sp\u00e4ter sein wird. \u00a0An den W\u00e4nden sind kleine Wasser-Inseln zu &hellip; <a href=\"https:\/\/dettenbachtal.de\/baublog\/?p=50\">Weiterlesen <span class=\"meta-nav\">&rarr;<\/span><\/a><\/p>\n","protected":false},"author":1,"featured_media":0,"comment_status":"open","ping_status":"open","sticky":false,"template":"","format":"standard","meta":{"footnotes":""},"categories":[10],"tags":[15,9],"class_list":["post-50","post","type-post","status-publish","format-standard","hentry","category-fundament-und-keller","tag-keller","tag-wasser"],"_links":{"self":[{"href":"https:\/\/dettenbachtal.de\/baublog\/index.php?rest_route=\/wp\/v2\/posts\/50","targetHints":{"allow":["GET"]}}],"collection":[{"href":"https:\/\/dettenbachtal.de\/baublog\/index.php?rest_route=\/wp\/v2\/posts"}],"about":[{"href":"https:\/\/dettenbachtal.de\/baublog\/index.php?rest_route=\/wp\/v2\/types\/post"}],"author":[{"embeddable":true,"href":"https:\/\/dettenbachtal.de\/baublog\/index.php?rest_route=\/wp\/v2\/users\/1"}],"replies":[{"embeddable":true,"href":"https:\/\/dettenbachtal.de\/baublog\/index.php?rest_route=%2Fwp%2Fv2%2Fcomments&post=50"}],"version-history":[{"count":9,"href":"https:\/\/dettenbachtal.de\/baublog\/index.php?rest_route=\/wp\/v2\/posts\/50\/revisions"}],"predecessor-version":[{"id":248,"href":"https:\/\/dettenbachtal.de\/baublog\/index.php?rest_route=\/wp\/v2\/posts\/50\/revisions\/248"}],"wp:attachment":[{"href":"https:\/\/dettenbachtal.de\/baublog\/index.php?rest_route=%2Fwp%2Fv2%2Fmedia&parent=50"}],"wp:term":[{"taxonomy":"category","embeddable":true,"href":"https:\/\/dettenbachtal.de\/baublog\/index.php?rest_route=%2Fwp%2Fv2%2Fcategories&post=50"},{"taxonomy":"post_tag","embeddable":true,"href":"https:\/\/dettenbachtal.de\/baublog\/index.php?rest_route=%2Fwp%2Fv2%2Ftags&post=50"}],"curies":[{"name":"wp","href":"https:\/\/api.w.org\/{rel}","templated":true}]}}