{"id":768,"date":"2011-09-07T10:09:22","date_gmt":"2011-09-07T09:09:22","guid":{"rendered":"http:\/\/dettenbachtal.de\/baublog\/?p=768"},"modified":"2011-09-07T20:51:32","modified_gmt":"2011-09-07T19:51:32","slug":"7-september-strom-und-heizung","status":"publish","type":"post","link":"https:\/\/dettenbachtal.de\/baublog\/?p=768","title":{"rendered":"7. September: Strom und Heizung"},"content":{"rendered":"<p>Nach einigen Tagen Baupause (auch der Estrichleger war noch nicht mit dem Schlagbohrhammer da) geht es heute mit der Elektroinstallation und den Heizungs- und L\u00fcftungsanschl\u00fcssen weiter. Wenn alles klappt, wird am Freitag Strom und Gas freigeschaltet.<\/p>\n<div id='gallery-1' class='gallery galleryid-768 gallery-columns-4 gallery-size-thumbnail'><dl class='gallery-item'>\n\t\t\t<dt class='gallery-icon landscape'>\n\t\t\t\t<a href='https:\/\/dettenbachtal.de\/baublog\/?attachment_id=772'><img loading=\"lazy\" decoding=\"async\" width=\"150\" height=\"150\" src=\"https:\/\/dettenbachtal.de\/baublog\/wp-content\/uploads\/2011\/09\/2011_0907_162906-150x150.jpg\" class=\"attachment-thumbnail size-thumbnail\" alt=\"\" \/><\/a>\n\t\t\t<\/dt><\/dl><dl class='gallery-item'>\n\t\t\t<dt class='gallery-icon landscape'>\n\t\t\t\t<a href='https:\/\/dettenbachtal.de\/baublog\/?attachment_id=773'><img loading=\"lazy\" decoding=\"async\" width=\"150\" height=\"150\" src=\"https:\/\/dettenbachtal.de\/baublog\/wp-content\/uploads\/2011\/09\/2011_0907_163010-150x150.jpg\" class=\"attachment-thumbnail size-thumbnail\" alt=\"\" \/><\/a>\n\t\t\t<\/dt><\/dl><dl class='gallery-item'>\n\t\t\t<dt class='gallery-icon landscape'>\n\t\t\t\t<a href='https:\/\/dettenbachtal.de\/baublog\/?attachment_id=774'><img loading=\"lazy\" decoding=\"async\" width=\"150\" height=\"150\" src=\"https:\/\/dettenbachtal.de\/baublog\/wp-content\/uploads\/2011\/09\/2011_0907_163026-150x150.jpg\" class=\"attachment-thumbnail size-thumbnail\" alt=\"\" \/><\/a>\n\t\t\t<\/dt><\/dl><dl class='gallery-item'>\n\t\t\t<dt class='gallery-icon landscape'>\n\t\t\t\t<a href='https:\/\/dettenbachtal.de\/baublog\/?attachment_id=775'><img loading=\"lazy\" decoding=\"async\" width=\"150\" height=\"150\" src=\"https:\/\/dettenbachtal.de\/baublog\/wp-content\/uploads\/2011\/09\/2011_0907_163110-150x150.jpg\" class=\"attachment-thumbnail size-thumbnail\" alt=\"\" \/><\/a>\n\t\t\t<\/dt><\/dl><br style=\"clear: both\" \/><dl class='gallery-item'>\n\t\t\t<dt class='gallery-icon landscape'>\n\t\t\t\t<a href='https:\/\/dettenbachtal.de\/baublog\/?attachment_id=776'><img loading=\"lazy\" decoding=\"async\" width=\"150\" height=\"150\" src=\"https:\/\/dettenbachtal.de\/baublog\/wp-content\/uploads\/2011\/09\/2011_0907_163210-150x150.jpg\" class=\"attachment-thumbnail size-thumbnail\" alt=\"\" \/><\/a>\n\t\t\t<\/dt><\/dl><dl class='gallery-item'>\n\t\t\t<dt class='gallery-icon landscape'>\n\t\t\t\t<a href='https:\/\/dettenbachtal.de\/baublog\/?attachment_id=777'><img loading=\"lazy\" decoding=\"async\" width=\"150\" height=\"150\" src=\"https:\/\/dettenbachtal.de\/baublog\/wp-content\/uploads\/2011\/09\/2011_0907_163222-150x150.jpg\" class=\"attachment-thumbnail size-thumbnail\" alt=\"\" \/><\/a>\n\t\t\t<\/dt><\/dl><dl class='gallery-item'>\n\t\t\t<dt class='gallery-icon portrait'>\n\t\t\t\t<a href='https:\/\/dettenbachtal.de\/baublog\/?attachment_id=778'><img loading=\"lazy\" decoding=\"async\" width=\"150\" height=\"150\" src=\"https:\/\/dettenbachtal.de\/baublog\/wp-content\/uploads\/2011\/09\/2011_0907_163438-150x150.jpg\" class=\"attachment-thumbnail size-thumbnail\" alt=\"\" \/><\/a>\n\t\t\t<\/dt><\/dl><dl class='gallery-item'>\n\t\t\t<dt class='gallery-icon landscape'>\n\t\t\t\t<a href='https:\/\/dettenbachtal.de\/baublog\/?attachment_id=779'><img loading=\"lazy\" decoding=\"async\" width=\"150\" height=\"150\" src=\"https:\/\/dettenbachtal.de\/baublog\/wp-content\/uploads\/2011\/09\/2011_0907_163548-150x150.jpg\" class=\"attachment-thumbnail size-thumbnail\" alt=\"\" \/><\/a>\n\t\t\t<\/dt><\/dl><br style=\"clear: both\" \/>\n\t\t<\/div>\n\n<p>Auf dem Dachboden wurde die L\u00fcftungsanlage installiert und die Schl\u00e4uche schon gro\u00dfteils angeschlossen. Im Keller wurde die Gasleitung vom Hausanschlu\u00df zur Gas-Brennwerttherme angeschlossen.\u00a0F\u00fcr die Elektroverteilung ist der Elektrokasten schon da, aber es ist noch nichts installiert worden.<\/p>\n","protected":false},"excerpt":{"rendered":"<p>Nach einigen Tagen Baupause (auch der Estrichleger war noch nicht mit dem Schlagbohrhammer da) geht es heute mit der Elektroinstallation und den Heizungs- und L\u00fcftungsanschl\u00fcssen weiter. Wenn alles klappt, wird am Freitag Strom und Gas freigeschaltet. Auf dem Dachboden wurde &hellip; <a href=\"https:\/\/dettenbachtal.de\/baublog\/?p=768\">Weiterlesen <span class=\"meta-nav\">&rarr;<\/span><\/a><\/p>\n","protected":false},"author":1,"featured_media":0,"comment_status":"open","ping_status":"open","sticky":false,"template":"","format":"standard","meta":{"footnotes":""},"categories":[1],"tags":[64,146,58],"class_list":["post-768","post","type-post","status-publish","format-standard","hentry","category-allgemein","tag-elektro","tag-heizung","tag-luftungsanlage"],"_links":{"self":[{"href":"https:\/\/dettenbachtal.de\/baublog\/index.php?rest_route=\/wp\/v2\/posts\/768","targetHints":{"allow":["GET"]}}],"collection":[{"href":"https:\/\/dettenbachtal.de\/baublog\/index.php?rest_route=\/wp\/v2\/posts"}],"about":[{"href":"https:\/\/dettenbachtal.de\/baublog\/index.php?rest_route=\/wp\/v2\/types\/post"}],"author":[{"embeddable":true,"href":"https:\/\/dettenbachtal.de\/baublog\/index.php?rest_route=\/wp\/v2\/users\/1"}],"replies":[{"embeddable":true,"href":"https:\/\/dettenbachtal.de\/baublog\/index.php?rest_route=%2Fwp%2Fv2%2Fcomments&post=768"}],"version-history":[{"count":3,"href":"https:\/\/dettenbachtal.de\/baublog\/index.php?rest_route=\/wp\/v2\/posts\/768\/revisions"}],"predecessor-version":[{"id":770,"href":"https:\/\/dettenbachtal.de\/baublog\/index.php?rest_route=\/wp\/v2\/posts\/768\/revisions\/770"}],"wp:attachment":[{"href":"https:\/\/dettenbachtal.de\/baublog\/index.php?rest_route=%2Fwp%2Fv2%2Fmedia&parent=768"}],"wp:term":[{"taxonomy":"category","embeddable":true,"href":"https:\/\/dettenbachtal.de\/baublog\/index.php?rest_route=%2Fwp%2Fv2%2Fcategories&post=768"},{"taxonomy":"post_tag","embeddable":true,"href":"https:\/\/dettenbachtal.de\/baublog\/index.php?rest_route=%2Fwp%2Fv2%2Ftags&post=768"}],"curies":[{"name":"wp","href":"https:\/\/api.w.org\/{rel}","templated":true}]}}