{"id":781,"date":"2011-09-09T16:09:28","date_gmt":"2011-09-09T15:09:28","guid":{"rendered":"http:\/\/dettenbachtal.de\/baublog\/?p=781"},"modified":"2011-09-09T16:09:28","modified_gmt":"2011-09-09T15:09:28","slug":"9-september-strom-luftungsanlage-lukenschutzgelander","status":"publish","type":"post","link":"https:\/\/dettenbachtal.de\/baublog\/?p=781","title":{"rendered":"9. September: Strom, L\u00fcftungsanlage, Lukenschutzgel\u00e4nder"},"content":{"rendered":"<p style=\"text-align: left;\">Auf meine Bitte hin wurde heute ein Lukenschutzgel\u00e4nder auf dem Dachboden eingebaut, damit niemand versehentlich in die Bodenluke f\u00e4llt.<\/p>\n<p><img loading=\"lazy\" decoding=\"async\" class=\"size-medium wp-image-786 aligncenter\" title=\"2011_0909_162904\" src=\"http:\/\/dettenbachtal.de\/baublog\/wp-content\/uploads\/2011\/09\/2011_0909_162904-300x225.jpg\" alt=\"\" width=\"300\" height=\"225\" srcset=\"https:\/\/dettenbachtal.de\/baublog\/wp-content\/uploads\/2011\/09\/2011_0909_162904-300x225.jpg 300w, https:\/\/dettenbachtal.de\/baublog\/wp-content\/uploads\/2011\/09\/2011_0909_162904.jpg 850w\" sizes=\"auto, (max-width: 300px) 100vw, 300px\" \/><\/p>\n<p style=\"text-align: left;\">Auch im Treppenhaus gibt es nun wieder ein Gel\u00e4nder. Sicherheit auf dem Bau geht vor.<\/p>\n<p style=\"text-align: left;\"><a href=\"http:\/\/dettenbachtal.de\/baublog\/wp-content\/uploads\/2011\/09\/2011_0909_163310.jpg\"><img loading=\"lazy\" decoding=\"async\" class=\"aligncenter size-medium wp-image-788\" title=\"2011_0909_163310\" src=\"http:\/\/dettenbachtal.de\/baublog\/wp-content\/uploads\/2011\/09\/2011_0909_163310-225x300.jpg\" alt=\"\" width=\"225\" height=\"300\" srcset=\"https:\/\/dettenbachtal.de\/baublog\/wp-content\/uploads\/2011\/09\/2011_0909_163310-225x300.jpg 225w, https:\/\/dettenbachtal.de\/baublog\/wp-content\/uploads\/2011\/09\/2011_0909_163310.jpg 638w\" sizes=\"auto, (max-width: 225px) 100vw, 225px\" \/><\/a><\/p>\n<p>Fortschritte gibt es auch von der Elektriker-Front zu berichten: Steckdosen sind schon gesetzt und die Lichtschalter, L\u00fcsterklemmen an allen Lampenanschl\u00fcssen.<a href=\"http:\/\/dettenbachtal.de\/baublog\/wp-content\/uploads\/2011\/09\/2011_0909_162330.jpg\"><img loading=\"lazy\" decoding=\"async\" class=\"aligncenter size-medium wp-image-782\" title=\"2011_0909_162330\" src=\"http:\/\/dettenbachtal.de\/baublog\/wp-content\/uploads\/2011\/09\/2011_0909_162330-225x300.jpg\" alt=\"\" width=\"225\" height=\"300\" srcset=\"https:\/\/dettenbachtal.de\/baublog\/wp-content\/uploads\/2011\/09\/2011_0909_162330-225x300.jpg 225w, https:\/\/dettenbachtal.de\/baublog\/wp-content\/uploads\/2011\/09\/2011_0909_162330.jpg 638w\" sizes=\"auto, (max-width: 225px) 100vw, 225px\" \/><\/a><\/p>\n<p>Im Keller ist der Sicherungskasten verkabelt und der Stromz\u00e4hler (digital) eingebaut. Ob da schon Strom drauf ist?<\/p>\n<p><a href=\"http:\/\/dettenbachtal.de\/baublog\/wp-content\/uploads\/2011\/09\/2011_0909_162446.jpg\"><img loading=\"lazy\" decoding=\"async\" class=\"aligncenter size-medium wp-image-783\" title=\"2011_0909_162446\" src=\"http:\/\/dettenbachtal.de\/baublog\/wp-content\/uploads\/2011\/09\/2011_0909_162446-300x225.jpg\" alt=\"\" width=\"300\" height=\"225\" srcset=\"https:\/\/dettenbachtal.de\/baublog\/wp-content\/uploads\/2011\/09\/2011_0909_162446-300x225.jpg 300w, https:\/\/dettenbachtal.de\/baublog\/wp-content\/uploads\/2011\/09\/2011_0909_162446.jpg 850w\" sizes=\"auto, (max-width: 300px) 100vw, 300px\" \/><\/a><\/p>\n<p>Die L\u00fcftungsanlage ist auch weiter angeschlossen worden, noch ist sie aber nicht betriebsbereit.<\/p>\n<p><a href=\"http:\/\/dettenbachtal.de\/baublog\/wp-content\/uploads\/2011\/09\/2011_0909_163018.jpg\"><img loading=\"lazy\" decoding=\"async\" class=\"aligncenter size-medium wp-image-787\" title=\"2011_0909_163018\" src=\"http:\/\/dettenbachtal.de\/baublog\/wp-content\/uploads\/2011\/09\/2011_0909_163018-300x225.jpg\" alt=\"\" width=\"300\" height=\"225\" srcset=\"https:\/\/dettenbachtal.de\/baublog\/wp-content\/uploads\/2011\/09\/2011_0909_163018-300x225.jpg 300w, https:\/\/dettenbachtal.de\/baublog\/wp-content\/uploads\/2011\/09\/2011_0909_163018.jpg 850w\" sizes=\"auto, (max-width: 300px) 100vw, 300px\" \/><\/a><\/p>\n","protected":false},"excerpt":{"rendered":"<p>Auf meine Bitte hin wurde heute ein Lukenschutzgel\u00e4nder auf dem Dachboden eingebaut, damit niemand versehentlich in die Bodenluke f\u00e4llt. Auch im Treppenhaus gibt es nun wieder ein Gel\u00e4nder. Sicherheit auf dem Bau geht vor. Fortschritte gibt es auch von der &hellip; <a href=\"https:\/\/dettenbachtal.de\/baublog\/?p=781\">Weiterlesen <span class=\"meta-nav\">&rarr;<\/span><\/a><\/p>\n","protected":false},"author":1,"featured_media":0,"comment_status":"open","ping_status":"open","sticky":false,"template":"","format":"standard","meta":{"footnotes":""},"categories":[47,57],"tags":[58,90,89],"class_list":["post-781","post","type-post","status-publish","format-standard","hentry","category-dachstuhl","category-innenausbau","tag-luftungsanlage","tag-lukenschutzgelander","tag-strom"],"_links":{"self":[{"href":"https:\/\/dettenbachtal.de\/baublog\/index.php?rest_route=\/wp\/v2\/posts\/781","targetHints":{"allow":["GET"]}}],"collection":[{"href":"https:\/\/dettenbachtal.de\/baublog\/index.php?rest_route=\/wp\/v2\/posts"}],"about":[{"href":"https:\/\/dettenbachtal.de\/baublog\/index.php?rest_route=\/wp\/v2\/types\/post"}],"author":[{"embeddable":true,"href":"https:\/\/dettenbachtal.de\/baublog\/index.php?rest_route=\/wp\/v2\/users\/1"}],"replies":[{"embeddable":true,"href":"https:\/\/dettenbachtal.de\/baublog\/index.php?rest_route=%2Fwp%2Fv2%2Fcomments&post=781"}],"version-history":[{"count":1,"href":"https:\/\/dettenbachtal.de\/baublog\/index.php?rest_route=\/wp\/v2\/posts\/781\/revisions"}],"predecessor-version":[{"id":789,"href":"https:\/\/dettenbachtal.de\/baublog\/index.php?rest_route=\/wp\/v2\/posts\/781\/revisions\/789"}],"wp:attachment":[{"href":"https:\/\/dettenbachtal.de\/baublog\/index.php?rest_route=%2Fwp%2Fv2%2Fmedia&parent=781"}],"wp:term":[{"taxonomy":"category","embeddable":true,"href":"https:\/\/dettenbachtal.de\/baublog\/index.php?rest_route=%2Fwp%2Fv2%2Fcategories&post=781"},{"taxonomy":"post_tag","embeddable":true,"href":"https:\/\/dettenbachtal.de\/baublog\/index.php?rest_route=%2Fwp%2Fv2%2Ftags&post=781"}],"curies":[{"name":"wp","href":"https:\/\/api.w.org\/{rel}","templated":true}]}}